{"id":12230,"date":"2017-06-22T08:59:53","date_gmt":"2017-06-22T08:59:53","guid":{"rendered":"https:\/\/anges.pt\/sello-de-calidad-del-cuerpo-europeo-de-solidaridad\/"},"modified":"2025-02-22T01:36:27","modified_gmt":"2025-02-22T01:36:27","slug":"sello-de-calidad-del-cuerpo-europeo-de-solidaridad","status":"publish","type":"post","link":"https:\/\/anges.pt\/es\/sello-de-calidad-del-cuerpo-europeo-de-solidaridad\/","title":{"rendered":"Sello de calidad del Cuerpo Europeo de Solidaridad"},"content":{"rendered":"<div class=\"wpb-content-wrapper\"><p>[vc_row][vc_column][vc_column_text css=\u00bb\u00bb woodmart_inline=\u00bbno\u00bb text_larger=\u00bbno\u00bb]A <span class=\"html-span xdj266r x11i5rnm xat24cr x1mh8g0r xexx8yu x4uap5 x18d9i69 xkhd6sd x1hl2dhg x16tdsg8 x1vvkbs\"><span class=\"xt0psk2\">ANGES<\/span><\/span>ha obtenido el Sello de Calidad del Cuerpo Europeo de Solidaridad. A partir de ahora, tenemos la responsabilidad de acoger a j\u00f3venes de distintas nacionalidades durante los pr\u00f3ximos dos a\u00f1os y reforzar juntos los valores europeos para una Europa solidaria.<br class=\"html-br\"><br class=\"html-br\"><span class=\"html-span xdj266r x11i5rnm xat24cr x1mh8g0r xexx8yu x4uap5 x18d9i69 xkhd6sd x1hl2dhg x16tdsg8 x1vvkbs\"><a class=\"x1i10hfl xjbqb8w x1ejq31n xd10rxx x1sy0etr x17r0tee x972fbf xcfux6l x1qhh985 xm0m39n x9f619 x1ypdohk xt0psk2 xe8uvvx xdj266r x11i5rnm xat24cr x1mh8g0r xexx8yu x4uap5 x18d9i69 xkhd6sd x16tdsg8 x1hl2dhg xggy1nq x1a2a7pz x1sur9pj xkrqix3 x1fey0fg x1s688f\" tabindex=\"0\" role=\"link\" href=\"https:\/\/www.europasolidaria.pt\/pt\/pages\/selo-de-qualidade?fbclid=IwZXh0bgNhZW0CMTAAAR3qctbx6fMkpW4Yphjcbu35l16ATgIqf7ES1egMdLZwR1zmxXKdJstQns8_aem_mXwmj_r2P8n75icFxDh3cA\" target=\"_blank\" rel=\"nofollow noopener noreferrer\">https:\/\/www.europasolidaria.pt\/pt\/pages\/selo-de-qualidade<\/a><\/span>[\/vc_column_text][\/vc_column][\/vc_row]<\/p>\n<\/div>","protected":false},"excerpt":{"rendered":"<p>[vc_row][vc_column][vc_column_text css=\u00bb\u00bb woodmart_inline=\u00bbno\u00bb text_larger=\u00bbno\u00bb]A ANGESha obtenido el Sello de Calidad del Cuerpo Europeo de Solidaridad. A partir de ahora, tenemos<\/p>\n","protected":false},"author":1,"featured_media":12241,"comment_status":"open","ping_status":"open","sticky":false,"template":"","format":"image","meta":{"footnotes":""},"categories":[118],"tags":[],"class_list":["post-12230","post","type-post","status-publish","format-image","has-post-thumbnail","hentry","category-noticias-es","post_format-post-format-image"],"yoast_head":"<!-- This site is optimized with the Yoast SEO Premium plugin v27.5 (Yoast SEO v27.5) - https:\/\/yoast.com\/product\/yoast-seo-premium-wordpress\/ -->\n<title>Sello de calidad del Cuerpo Europeo de Solidaridad - Anges<\/title>\n<meta name=\"robots\" content=\"index, follow, max-snippet:-1, max-image-preview:large, max-video-preview:-1\" \/>\n<link rel=\"canonical\" href=\"https:\/\/anges.pt\/es\/sello-de-calidad-del-cuerpo-europeo-de-solidaridad\/\" \/>\n<meta property=\"og:locale\" content=\"es_ES\" \/>\n<meta property=\"og:type\" content=\"article\" \/>\n<meta property=\"og:title\" content=\"Sello de calidad del Cuerpo Europeo de Solidaridad\" \/>\n<meta property=\"og:description\" content=\"[vc_row][vc_column][vc_column_text css=\u00bb\u00bb woodmart_inline=\u00bbno\u00bb text_larger=\u00bbno\u00bb]A ANGESha obtenido el Sello de Calidad del Cuerpo Europeo de Solidaridad. A partir de ahora, tenemos\" \/>\n<meta property=\"og:url\" content=\"https:\/\/anges.pt\/es\/sello-de-calidad-del-cuerpo-europeo-de-solidaridad\/\" \/>\n<meta property=\"og:site_name\" content=\"Anges\" \/>\n<meta property=\"article:publisher\" content=\"https:\/\/www.facebook.com\/anges.pt\" \/>\n<meta property=\"article:published_time\" content=\"2017-06-22T08:59:53+00:00\" \/>\n<meta property=\"article:modified_time\" content=\"2025-02-22T01:36:27+00:00\" \/>\n<meta property=\"og:image\" content=\"https:\/\/anges.pt\/wp-content\/uploads\/2017\/06\/selo_qualidade.jpg\" \/>\n\t<meta property=\"og:image:width\" content=\"1880\" \/>\n\t<meta property=\"og:image:height\" content=\"1576\" \/>\n\t<meta property=\"og:image:type\" content=\"image\/jpeg\" \/>\n<meta name=\"author\" content=\"angesadmin\" \/>\n<meta name=\"twitter:card\" content=\"summary_large_image\" \/>\n<meta name=\"twitter:label1\" content=\"Escrito por\" \/>\n\t<meta name=\"twitter:data1\" content=\"angesadmin\" \/>\n<script type=\"application\/ld+json\" class=\"yoast-schema-graph\">{\"@context\":\"https:\\\/\\\/schema.org\",\"@graph\":[{\"@type\":\"Article\",\"@id\":\"https:\\\/\\\/anges.pt\\\/es\\\/sello-de-calidad-del-cuerpo-europeo-de-solidaridad\\\/#article\",\"isPartOf\":{\"@id\":\"https:\\\/\\\/anges.pt\\\/es\\\/sello-de-calidad-del-cuerpo-europeo-de-solidaridad\\\/\"},\"author\":{\"name\":\"angesadmin\",\"@id\":\"https:\\\/\\\/anges.pt\\\/es\\\/#\\\/schema\\\/person\\\/0cbd81d27911b80af7be648926a36753\"},\"headline\":\"Sello de calidad del Cuerpo Europeo de Solidaridad\",\"datePublished\":\"2017-06-22T08:59:53+00:00\",\"dateModified\":\"2025-02-22T01:36:27+00:00\",\"mainEntityOfPage\":{\"@id\":\"https:\\\/\\\/anges.pt\\\/es\\\/sello-de-calidad-del-cuerpo-europeo-de-solidaridad\\\/\"},\"wordCount\":81,\"commentCount\":0,\"publisher\":{\"@id\":\"https:\\\/\\\/anges.pt\\\/es\\\/#organization\"},\"image\":{\"@id\":\"https:\\\/\\\/anges.pt\\\/es\\\/sello-de-calidad-del-cuerpo-europeo-de-solidaridad\\\/#primaryimage\"},\"thumbnailUrl\":\"https:\\\/\\\/anges.pt\\\/wp-content\\\/uploads\\\/2017\\\/06\\\/selo_qualidade.jpg\",\"articleSection\":[\"Noticias\"],\"inLanguage\":\"es\",\"potentialAction\":[{\"@type\":\"CommentAction\",\"name\":\"Comment\",\"target\":[\"https:\\\/\\\/anges.pt\\\/es\\\/sello-de-calidad-del-cuerpo-europeo-de-solidaridad\\\/#respond\"]}]},{\"@type\":\"WebPage\",\"@id\":\"https:\\\/\\\/anges.pt\\\/es\\\/sello-de-calidad-del-cuerpo-europeo-de-solidaridad\\\/\",\"url\":\"https:\\\/\\\/anges.pt\\\/es\\\/sello-de-calidad-del-cuerpo-europeo-de-solidaridad\\\/\",\"name\":\"Sello de calidad del Cuerpo Europeo de Solidaridad - Anges\",\"isPartOf\":{\"@id\":\"https:\\\/\\\/anges.pt\\\/es\\\/#website\"},\"primaryImageOfPage\":{\"@id\":\"https:\\\/\\\/anges.pt\\\/es\\\/sello-de-calidad-del-cuerpo-europeo-de-solidaridad\\\/#primaryimage\"},\"image\":{\"@id\":\"https:\\\/\\\/anges.pt\\\/es\\\/sello-de-calidad-del-cuerpo-europeo-de-solidaridad\\\/#primaryimage\"},\"thumbnailUrl\":\"https:\\\/\\\/anges.pt\\\/wp-content\\\/uploads\\\/2017\\\/06\\\/selo_qualidade.jpg\",\"datePublished\":\"2017-06-22T08:59:53+00:00\",\"dateModified\":\"2025-02-22T01:36:27+00:00\",\"breadcrumb\":{\"@id\":\"https:\\\/\\\/anges.pt\\\/es\\\/sello-de-calidad-del-cuerpo-europeo-de-solidaridad\\\/#breadcrumb\"},\"inLanguage\":\"es\",\"potentialAction\":[{\"@type\":\"ReadAction\",\"target\":[\"https:\\\/\\\/anges.pt\\\/es\\\/sello-de-calidad-del-cuerpo-europeo-de-solidaridad\\\/\"]}]},{\"@type\":\"ImageObject\",\"inLanguage\":\"es\",\"@id\":\"https:\\\/\\\/anges.pt\\\/es\\\/sello-de-calidad-del-cuerpo-europeo-de-solidaridad\\\/#primaryimage\",\"url\":\"https:\\\/\\\/anges.pt\\\/wp-content\\\/uploads\\\/2017\\\/06\\\/selo_qualidade.jpg\",\"contentUrl\":\"https:\\\/\\\/anges.pt\\\/wp-content\\\/uploads\\\/2017\\\/06\\\/selo_qualidade.jpg\",\"width\":1880,\"height\":1576},{\"@type\":\"BreadcrumbList\",\"@id\":\"https:\\\/\\\/anges.pt\\\/es\\\/sello-de-calidad-del-cuerpo-europeo-de-solidaridad\\\/#breadcrumb\",\"itemListElement\":[{\"@type\":\"ListItem\",\"position\":1,\"name\":\"In\u00edcio\",\"item\":\"https:\\\/\\\/anges.pt\\\/es\\\/inicio\\\/\"},{\"@type\":\"ListItem\",\"position\":2,\"name\":\"Sello de calidad del Cuerpo Europeo de Solidaridad\"}]},{\"@type\":\"WebSite\",\"@id\":\"https:\\\/\\\/anges.pt\\\/es\\\/#website\",\"url\":\"https:\\\/\\\/anges.pt\\\/es\\\/\",\"name\":\"Anges\",\"description\":\"Associa\u00e7\u00e3o Nacional de Gerontologia Social\",\"publisher\":{\"@id\":\"https:\\\/\\\/anges.pt\\\/es\\\/#organization\"},\"alternateName\":\"Associa\u00e7\u00e3o Nacional de Gerontologia Social\",\"potentialAction\":[{\"@type\":\"SearchAction\",\"target\":{\"@type\":\"EntryPoint\",\"urlTemplate\":\"https:\\\/\\\/anges.pt\\\/es\\\/?s={search_term_string}\"},\"query-input\":{\"@type\":\"PropertyValueSpecification\",\"valueRequired\":true,\"valueName\":\"search_term_string\"}}],\"inLanguage\":\"es\"},{\"@type\":\"Organization\",\"@id\":\"https:\\\/\\\/anges.pt\\\/es\\\/#organization\",\"name\":\"Anges\",\"alternateName\":\"Asociaci\u00f3n Nacional de Gerontolog\u00eda Social\",\"url\":\"https:\\\/\\\/anges.pt\\\/es\\\/\",\"logo\":{\"@type\":\"ImageObject\",\"inLanguage\":\"es\",\"@id\":\"https:\\\/\\\/anges.pt\\\/es\\\/#\\\/schema\\\/logo\\\/image\\\/\",\"url\":\"https:\\\/\\\/anges.pt\\\/wp-content\\\/uploads\\\/2024\\\/08\\\/Dimensoes-personalizadas-3x2-cm-4.jpeg\",\"contentUrl\":\"https:\\\/\\\/anges.pt\\\/wp-content\\\/uploads\\\/2024\\\/08\\\/Dimensoes-personalizadas-3x2-cm-4.jpeg\",\"width\":170,\"height\":114,\"caption\":\"Anges\"},\"image\":{\"@id\":\"https:\\\/\\\/anges.pt\\\/es\\\/#\\\/schema\\\/logo\\\/image\\\/\"},\"sameAs\":[\"https:\\\/\\\/www.facebook.com\\\/anges.pt\",\"https:\\\/\\\/www.instagram.com\\\/associacaoanges\\\/\"]},{\"@type\":\"Person\",\"@id\":\"https:\\\/\\\/anges.pt\\\/es\\\/#\\\/schema\\\/person\\\/0cbd81d27911b80af7be648926a36753\",\"name\":\"angesadmin\",\"image\":{\"@type\":\"ImageObject\",\"inLanguage\":\"es\",\"@id\":\"https:\\\/\\\/secure.gravatar.com\\\/avatar\\\/2cb0c0e89630d51ce6b11dd1dce8c4581f4ddcf102437d05ceebbcec377cbd11?s=96&d=mm&r=g\",\"url\":\"https:\\\/\\\/secure.gravatar.com\\\/avatar\\\/2cb0c0e89630d51ce6b11dd1dce8c4581f4ddcf102437d05ceebbcec377cbd11?s=96&d=mm&r=g\",\"contentUrl\":\"https:\\\/\\\/secure.gravatar.com\\\/avatar\\\/2cb0c0e89630d51ce6b11dd1dce8c4581f4ddcf102437d05ceebbcec377cbd11?s=96&d=mm&r=g\",\"caption\":\"angesadmin\"},\"sameAs\":[\"https:\\\/\\\/anges.pt\"],\"url\":\"https:\\\/\\\/anges.pt\\\/es\\\/author\\\/angesadmin\\\/\"}]}<\/script>\n<!-- \/ Yoast SEO Premium plugin. -->","yoast_head_json":{"title":"Sello de calidad del Cuerpo Europeo de Solidaridad - Anges","robots":{"index":"index","follow":"follow","max-snippet":"max-snippet:-1","max-image-preview":"max-image-preview:large","max-video-preview":"max-video-preview:-1"},"canonical":"https:\/\/anges.pt\/es\/sello-de-calidad-del-cuerpo-europeo-de-solidaridad\/","og_locale":"es_ES","og_type":"article","og_title":"Sello de calidad del Cuerpo Europeo de Solidaridad","og_description":"[vc_row][vc_column][vc_column_text css=\u00bb\u00bb woodmart_inline=\u00bbno\u00bb text_larger=\u00bbno\u00bb]A ANGESha obtenido el Sello de Calidad del Cuerpo Europeo de Solidaridad. A partir de ahora, tenemos","og_url":"https:\/\/anges.pt\/es\/sello-de-calidad-del-cuerpo-europeo-de-solidaridad\/","og_site_name":"Anges","article_publisher":"https:\/\/www.facebook.com\/anges.pt","article_published_time":"2017-06-22T08:59:53+00:00","article_modified_time":"2025-02-22T01:36:27+00:00","og_image":[{"width":1880,"height":1576,"url":"https:\/\/anges.pt\/wp-content\/uploads\/2017\/06\/selo_qualidade.jpg","type":"image\/jpeg"}],"author":"angesadmin","twitter_card":"summary_large_image","twitter_misc":{"Escrito por":"angesadmin"},"schema":{"@context":"https:\/\/schema.org","@graph":[{"@type":"Article","@id":"https:\/\/anges.pt\/es\/sello-de-calidad-del-cuerpo-europeo-de-solidaridad\/#article","isPartOf":{"@id":"https:\/\/anges.pt\/es\/sello-de-calidad-del-cuerpo-europeo-de-solidaridad\/"},"author":{"name":"angesadmin","@id":"https:\/\/anges.pt\/es\/#\/schema\/person\/0cbd81d27911b80af7be648926a36753"},"headline":"Sello de calidad del Cuerpo Europeo de Solidaridad","datePublished":"2017-06-22T08:59:53+00:00","dateModified":"2025-02-22T01:36:27+00:00","mainEntityOfPage":{"@id":"https:\/\/anges.pt\/es\/sello-de-calidad-del-cuerpo-europeo-de-solidaridad\/"},"wordCount":81,"commentCount":0,"publisher":{"@id":"https:\/\/anges.pt\/es\/#organization"},"image":{"@id":"https:\/\/anges.pt\/es\/sello-de-calidad-del-cuerpo-europeo-de-solidaridad\/#primaryimage"},"thumbnailUrl":"https:\/\/anges.pt\/wp-content\/uploads\/2017\/06\/selo_qualidade.jpg","articleSection":["Noticias"],"inLanguage":"es","potentialAction":[{"@type":"CommentAction","name":"Comment","target":["https:\/\/anges.pt\/es\/sello-de-calidad-del-cuerpo-europeo-de-solidaridad\/#respond"]}]},{"@type":"WebPage","@id":"https:\/\/anges.pt\/es\/sello-de-calidad-del-cuerpo-europeo-de-solidaridad\/","url":"https:\/\/anges.pt\/es\/sello-de-calidad-del-cuerpo-europeo-de-solidaridad\/","name":"Sello de calidad del Cuerpo Europeo de Solidaridad - Anges","isPartOf":{"@id":"https:\/\/anges.pt\/es\/#website"},"primaryImageOfPage":{"@id":"https:\/\/anges.pt\/es\/sello-de-calidad-del-cuerpo-europeo-de-solidaridad\/#primaryimage"},"image":{"@id":"https:\/\/anges.pt\/es\/sello-de-calidad-del-cuerpo-europeo-de-solidaridad\/#primaryimage"},"thumbnailUrl":"https:\/\/anges.pt\/wp-content\/uploads\/2017\/06\/selo_qualidade.jpg","datePublished":"2017-06-22T08:59:53+00:00","dateModified":"2025-02-22T01:36:27+00:00","breadcrumb":{"@id":"https:\/\/anges.pt\/es\/sello-de-calidad-del-cuerpo-europeo-de-solidaridad\/#breadcrumb"},"inLanguage":"es","potentialAction":[{"@type":"ReadAction","target":["https:\/\/anges.pt\/es\/sello-de-calidad-del-cuerpo-europeo-de-solidaridad\/"]}]},{"@type":"ImageObject","inLanguage":"es","@id":"https:\/\/anges.pt\/es\/sello-de-calidad-del-cuerpo-europeo-de-solidaridad\/#primaryimage","url":"https:\/\/anges.pt\/wp-content\/uploads\/2017\/06\/selo_qualidade.jpg","contentUrl":"https:\/\/anges.pt\/wp-content\/uploads\/2017\/06\/selo_qualidade.jpg","width":1880,"height":1576},{"@type":"BreadcrumbList","@id":"https:\/\/anges.pt\/es\/sello-de-calidad-del-cuerpo-europeo-de-solidaridad\/#breadcrumb","itemListElement":[{"@type":"ListItem","position":1,"name":"In\u00edcio","item":"https:\/\/anges.pt\/es\/inicio\/"},{"@type":"ListItem","position":2,"name":"Sello de calidad del Cuerpo Europeo de Solidaridad"}]},{"@type":"WebSite","@id":"https:\/\/anges.pt\/es\/#website","url":"https:\/\/anges.pt\/es\/","name":"Anges","description":"Associa\u00e7\u00e3o Nacional de Gerontologia Social","publisher":{"@id":"https:\/\/anges.pt\/es\/#organization"},"alternateName":"Associa\u00e7\u00e3o Nacional de Gerontologia Social","potentialAction":[{"@type":"SearchAction","target":{"@type":"EntryPoint","urlTemplate":"https:\/\/anges.pt\/es\/?s={search_term_string}"},"query-input":{"@type":"PropertyValueSpecification","valueRequired":true,"valueName":"search_term_string"}}],"inLanguage":"es"},{"@type":"Organization","@id":"https:\/\/anges.pt\/es\/#organization","name":"Anges","alternateName":"Asociaci\u00f3n Nacional de Gerontolog\u00eda Social","url":"https:\/\/anges.pt\/es\/","logo":{"@type":"ImageObject","inLanguage":"es","@id":"https:\/\/anges.pt\/es\/#\/schema\/logo\/image\/","url":"https:\/\/anges.pt\/wp-content\/uploads\/2024\/08\/Dimensoes-personalizadas-3x2-cm-4.jpeg","contentUrl":"https:\/\/anges.pt\/wp-content\/uploads\/2024\/08\/Dimensoes-personalizadas-3x2-cm-4.jpeg","width":170,"height":114,"caption":"Anges"},"image":{"@id":"https:\/\/anges.pt\/es\/#\/schema\/logo\/image\/"},"sameAs":["https:\/\/www.facebook.com\/anges.pt","https:\/\/www.instagram.com\/associacaoanges\/"]},{"@type":"Person","@id":"https:\/\/anges.pt\/es\/#\/schema\/person\/0cbd81d27911b80af7be648926a36753","name":"angesadmin","image":{"@type":"ImageObject","inLanguage":"es","@id":"https:\/\/secure.gravatar.com\/avatar\/2cb0c0e89630d51ce6b11dd1dce8c4581f4ddcf102437d05ceebbcec377cbd11?s=96&d=mm&r=g","url":"https:\/\/secure.gravatar.com\/avatar\/2cb0c0e89630d51ce6b11dd1dce8c4581f4ddcf102437d05ceebbcec377cbd11?s=96&d=mm&r=g","contentUrl":"https:\/\/secure.gravatar.com\/avatar\/2cb0c0e89630d51ce6b11dd1dce8c4581f4ddcf102437d05ceebbcec377cbd11?s=96&d=mm&r=g","caption":"angesadmin"},"sameAs":["https:\/\/anges.pt"],"url":"https:\/\/anges.pt\/es\/author\/angesadmin\/"}]}},"_links":{"self":[{"href":"https:\/\/anges.pt\/es\/wp-json\/wp\/v2\/posts\/12230","targetHints":{"allow":["GET"]}}],"collection":[{"href":"https:\/\/anges.pt\/es\/wp-json\/wp\/v2\/posts"}],"about":[{"href":"https:\/\/anges.pt\/es\/wp-json\/wp\/v2\/types\/post"}],"author":[{"embeddable":true,"href":"https:\/\/anges.pt\/es\/wp-json\/wp\/v2\/users\/1"}],"replies":[{"embeddable":true,"href":"https:\/\/anges.pt\/es\/wp-json\/wp\/v2\/comments?post=12230"}],"version-history":[{"count":2,"href":"https:\/\/anges.pt\/es\/wp-json\/wp\/v2\/posts\/12230\/revisions"}],"predecessor-version":[{"id":12253,"href":"https:\/\/anges.pt\/es\/wp-json\/wp\/v2\/posts\/12230\/revisions\/12253"}],"wp:featuredmedia":[{"embeddable":true,"href":"https:\/\/anges.pt\/es\/wp-json\/wp\/v2\/media\/12241"}],"wp:attachment":[{"href":"https:\/\/anges.pt\/es\/wp-json\/wp\/v2\/media?parent=12230"}],"wp:term":[{"taxonomy":"category","embeddable":true,"href":"https:\/\/anges.pt\/es\/wp-json\/wp\/v2\/categories?post=12230"},{"taxonomy":"post_tag","embeddable":true,"href":"https:\/\/anges.pt\/es\/wp-json\/wp\/v2\/tags?post=12230"}],"curies":[{"name":"wp","href":"https:\/\/api.w.org\/{rel}","templated":true}]}}